{"id":21609,"date":"2021-11-09T08:36:05","date_gmt":"2021-11-09T07:36:05","guid":{"rendered":"https:\/\/www.ev-esm.org\/?p=21609"},"modified":"2026-04-22T17:24:29","modified_gmt":"2026-04-22T15:24:29","slug":"neuigkeiten-aus-der-mitgliederversammlung","status":"publish","type":"post","link":"https:\/\/ev-esm.org\/de\/neuigkeiten-aus-der-mitgliederversammlung\/","title":{"rendered":"Neuigkeiten aus der Mitgliederversammlung"},"content":{"rendered":"<p>11\/2021<\/p>\n<p>&nbsp;<\/p>\n<p>Liebe Eltern,<\/p>\n<p>&nbsp;<\/p>\n<p>am 19. Oktober 2021 fand, wie jedes Jahr wieder, unsere Mitgliederversammlung statt. Corona bedingt mussten wir uns online treffen.<br \/>\nWir bedanken uns herzlich bei allen die dabei waren.<\/p>\n<p>&nbsp;<\/p>\n<p>Ein Paar \u00c4nderungen gibt es dieses Jahr auch wieder innerhalb des EV-ESM Vorstands, \u00fcber die ich gerne berichten m\u00f6chte.<\/p>\n<p>&nbsp;<\/p>\n<p>Wir begr\u00fc\u00dfen 5 neue Mitglieder:<br \/>\n&#8211; EN Sprachsektion: Anne Ridings<br \/>\n&#8211; IT Sprachsektion: Magda Vecchi<br \/>\n&#8211; FR Sprachsektion:\u00a0Vanessa Doublier<br \/>\n&#8211; Gesundheit und Sicherheit: Catherine Jenewein<br \/>\n&#8211; Kantine: Fabrizio Marrone<\/p>\n<p>&nbsp;<\/p>\n<p>Innerhalb des bestehenden Vorstandsteams hat sich auch einiges getan:<br \/>\n&#8211; nach 3 Jahren innerhalb des Teams als Vertreter von Kindergarten und Kantine \u00fcbernehme ich den Vorsitz<br \/>\n&#8211; Roberto Trimarchi wechselt zum Stellvertreter<br \/>\n&#8211; D\u00e9sir\u00e9e Kandolo \u00fcbernimmt neben den Nachmittagsbetreuung auch noch den Kindergarten<\/p>\n<p>&nbsp;<\/p>\n<p>Die Ziele, die wir verfolgen bleiben dieselben, und dienen dazu, unseren Kindern weiterhin eine sch\u00f6ne und angenehme\u00a0Atmosphere anzubieten:<br \/>\n1. Qualit\u00e4t der Services verwalten<br \/>\n2. Verbesserung der Kommunikation, sei es in Richtung der Schule oder der Eltern (mit z.B. der Finalisierung von unserem neuen Booking System)<br \/>\n3. Unterst\u00fctzung bei p\u00e4dagogischen Themen<\/p>\n<p>&nbsp;<\/p>\n<p>Das ganze EV-ESM Vorstand steht Ihnen gerne zur Verf\u00fcgung. Anregungen und konstruktive Kritik sind willkommen.\u00a0Dazu k\u00f6nnen Sie uns gerne per E-Mail schreiben.\u00a0Kontaktinformationen finden Sie unter\u00a0<a href=\"https:\/\/www.ev-esm.org\/?newsletters_link=dffb7f01ad95e75eeba43b790ccb60a3&amp;history_id=241&amp;subscriber_id=9\">https:\/\/www.ev-esm.org\/de\/verein\/vorstand\/<\/a>.<\/p>\n<p>Office Team der EV-ESM k\u00f6nnen Sie auch immer gerne bei Problemen \/ Anregungen anschreiben unter folgender E-Mail: <a href=\"mailto:office@ev-esm.org\">office@ev-esm.org<\/a>.<\/p>\n<p>&nbsp;<\/p>\n<p>Als Abschluss m\u00f6chte ich mich bei allen Vorstandsmitglieder bedanken f\u00fcr die Zusammenarbeit und das Engagement: bei denen die gehen, die die bleiben und den Neuen.<\/p>\n<p>&nbsp;<\/p>\n<p>Mit freundlichen Gr\u00fc\u00dfen<\/p>\n<p>&nbsp;<\/p>\n<p>Katia Sittler<\/p>\n<p>EV-ESM Vorsitzende<\/p>\n","protected":false},"excerpt":{"rendered":"<p>11\/2021 &nbsp; Liebe Eltern, &nbsp; am 19. Oktober 2021 fand, wie jedes Jahr wieder, unsere Mitgliederversammlung statt. Corona bedingt mussten wir uns online treffen. Wir bedanken uns herzlich bei allen die dabei waren. &nbsp; Ein Paar \u00c4nderungen gibt es dieses Jahr auch wieder innerhalb des EV-ESM Vorstands, \u00fcber die ich gerne berichten m\u00f6chte. &nbsp; Wir begr\u00fc\u00dfen 5 neue Mitglieder: &#8211; EN Sprachsektion: Anne Ridings &#8211; IT Sprachsektion: Magda Vecchi &#8211; FR Sprachsektion:\u00a0Vanessa Doublier &#8211; Gesundheit und Sicherheit: Catherine Jenewein &#8211; Kantine: Fabrizio Marrone &nbsp; Innerhalb des bestehenden Vorstandsteams hat sich auch einiges getan: &#8211; nach 3 Jahren innerhalb des Teams als Vertreter von Kindergarten und Kantine \u00fcbernehme ich den Vorsitz &#8211; Roberto Trimarchi wechselt zum Stellvertreter &#8211; D\u00e9sir\u00e9e Kandolo \u00fcbernimmt neben den Nachmittagsbetreuung auch noch den Kindergarten &nbsp; Die Ziele, die wir verfolgen bleiben dieselben, und dienen dazu, unseren Kindern weiterhin eine sch\u00f6ne und angenehme\u00a0Atmosphere anzubieten: 1. Qualit\u00e4t der Services&#8230;<\/p>\n","protected":false},"author":3,"featured_media":0,"comment_status":"closed","ping_status":"open","sticky":false,"template":"","format":"standard","meta":{"footnotes":""},"categories":[149,129],"tags":[],"_links":{"self":[{"href":"https:\/\/ev-esm.org\/de\/wp-json\/wp\/v2\/posts\/21609"}],"collection":[{"href":"https:\/\/ev-esm.org\/de\/wp-json\/wp\/v2\/posts"}],"about":[{"href":"https:\/\/ev-esm.org\/de\/wp-json\/wp\/v2\/types\/post"}],"author":[{"embeddable":true,"href":"https:\/\/ev-esm.org\/de\/wp-json\/wp\/v2\/users\/3"}],"replies":[{"embeddable":true,"href":"https:\/\/ev-esm.org\/de\/wp-json\/wp\/v2\/comments?post=21609"}],"version-history":[{"count":1,"href":"https:\/\/ev-esm.org\/de\/wp-json\/wp\/v2\/posts\/21609\/revisions"}],"predecessor-version":[{"id":21610,"href":"https:\/\/ev-esm.org\/de\/wp-json\/wp\/v2\/posts\/21609\/revisions\/21610"}],"wp:attachment":[{"href":"https:\/\/ev-esm.org\/de\/wp-json\/wp\/v2\/media?parent=21609"}],"wp:term":[{"taxonomy":"category","embeddable":true,"href":"https:\/\/ev-esm.org\/de\/wp-json\/wp\/v2\/categories?post=21609"},{"taxonomy":"post_tag","embeddable":true,"href":"https:\/\/ev-esm.org\/de\/wp-json\/wp\/v2\/tags?post=21609"}],"curies":[{"name":"wp","href":"https:\/\/api.w.org\/{rel}","templated":true}]}}