{"id":19650,"date":"2020-11-25T11:10:55","date_gmt":"2020-11-25T10:10:55","guid":{"rendered":"https:\/\/www.ev-esm.org\/?p=19650"},"modified":"2026-04-22T17:24:41","modified_gmt":"2026-04-22T15:24:41","slug":"19650","status":"publish","type":"post","link":"https:\/\/ev-esm.org\/de\/19650\/","title":{"rendered":"Neue Regeln Kantine H\u00f6here Schule"},"content":{"rendered":"<p><span style=\"color: #000000;\">11\/2020<\/span><\/p>\n<p>&nbsp;<\/p>\n<p><span style=\"color: #000000;\">Durch die sich versch\u00e4rfende Corona Ma\u00dfnahmen hat das Gesundheitsamt entschieden, dass auch in der Kantine 1,50 m Abstand zwischen den Kindern eingehalten werden muss.<\/span><\/p>\n<p><span style=\"color: #000000;\">Dies betrifft auch die H\u00f6here Schule ab n\u00e4chsten\u00a0<strong>Montag, dem 30ten November.<\/strong><\/span><\/p>\n<p>&nbsp;<\/p>\n<p><span style=\"color: #000000;\">Diejenigen, die in der<strong> 6. Stunde<\/strong> essen gehen, k\u00f6nnen alle um 12:40 Uhr kommen, wie bisher. Sie werden ihre Tabletts\u00a0an den vorgesehenen Pl\u00e4tzen finden, mit 1,50 m\u00a0Abstand zu den anderen.<\/span><\/p>\n<p><span style=\"color: #000000;\">F\u00fcr diejenigen, die in der\u00a0<strong>7. Stunde<\/strong>\u00a0essen gehen, wird es\u00a0<strong>2 Schichten<\/strong>\u00a0geben. Dies gilt allerdings\u00a0<strong>nur von Montag bis Donnerstag<\/strong>.<\/span><\/p>\n<p><span style=\"color: #000000;\">&#8211; 1ste Schicht: gelbe Gruppe (13:30 Uhr)<\/span><\/p>\n<p><span style=\"color: #000000;\">&#8211; 2te Schicht: blaue Gruppe (13:55 Uhr)<\/span><\/p>\n<p><span style=\"color: #000000;\">Am <strong>Freitag<\/strong> k\u00f6nnen alle \u00a0Sch\u00fcler um 13:30 Uhr kommen.<\/span><\/p>\n<p>&nbsp;<\/p>\n<p><span style=\"color: #000000;\">Angaben zu den Farben wurden schon an\u00a0die Sch\u00fcler\u00a0von der Schule kommuniziert.\u00a0Falls ein Sch\u00fcler nicht mehr wei\u00df, ob er in die gelbe oder blaue Gruppe geh\u00f6rt, sollte er seinen Erziehungsberater kontaktieren.<\/span><\/p>\n<p><span style=\"color: #000000;\">F\u00fcr\u00a0Sch\u00fcler, die ihr Mittagessen von zu Hause mitnehmen m\u00f6chten, steht oben die Kaltmensa zur Verf\u00fcgung,\u00a0und nur diese.<\/span><br \/>\n<span style=\"color: #000000;\">Pl\u00e4tze,\u00a0die die Sch\u00fcler benutzen k\u00f6nnen, werden gekennzeichnet sein.<\/span><\/p>\n<p>&nbsp;<\/p>\n<p><span style=\"color: #000000;\">Erinnerung zur Mittagsbestellung:<\/span><\/p>\n<p><span style=\"color: #0000ff;\"><a style=\"color: #0000ff;\" href=\"https:\/\/www.ev-esm.org\/?newsletters_link=93709cd3b236ea0cdd0e7d7a5ea044aa&amp;history_id=176&amp;subscriber_id=154\"><strong>https:\/\/www.schulcatering.net\/ESM\/Vorbesteller\/Default.aspx<\/strong><\/a><\/span><\/p>\n<p><span style=\"color: #000000;\">Login: nachnamename zusammengebunden<\/span><\/p>\n<p><span style=\"color: #000000;\">Password: Geburtsdatum des Kindes in folgendem Format: TT.MM.JJJJ<\/span><\/p>\n<p><span style=\"color: #000000;\">Die Bestellung kann f\u00fcr Abo- und Spontan Esser bis zum Abend davor get\u00e4tigt werden.\u00a0Jedoch m\u00f6chten wir Sie gerne ermutigen\u00a0<strong>die Reservierungen w\u00f6chentlich vorzunehmen<\/strong>, und zwar immer bis Sonntag f\u00fcr die ganze folgenden Woche.<\/span><br \/>\n<span style=\"color: #000000;\">Dies dient dazu, die Unterteilung der Studenten an den verschiedenen Tischen besser zu organisieren und die Hygienevorschriften zu gew\u00e4hrleisten.<\/span><\/p>\n<p><span style=\"color: #000000;\">Abo-Esser k\u00f6nnen zwischen 2 Men\u00fcs ausw\u00e4hlen. Sollten Sie vergessen vorher die Men\u00fcs auszusuchen, bekommen die Kinder automatisch Men\u00fc 1.<\/span><\/p>\n<p><span style=\"color: #000000;\">Spontan-Esser m\u00fcssen ihr Essen vorher online ausw\u00e4hlen (Tag und Men\u00fc), und bei der Kasse noch die entsprechende Zeitschicht aussuchen.<\/span><\/p>\n<p>&nbsp;<\/p>\n","protected":false},"excerpt":{"rendered":"<p>11\/2020 &nbsp; Durch die sich versch\u00e4rfende Corona Ma\u00dfnahmen hat das Gesundheitsamt entschieden, dass auch in der Kantine 1,50 m Abstand zwischen den Kindern eingehalten werden muss. Dies betrifft auch die H\u00f6here Schule ab n\u00e4chsten\u00a0Montag, dem 30ten November. &nbsp; Diejenigen, die in der 6. Stunde essen gehen, k\u00f6nnen alle um 12:40 Uhr kommen, wie bisher. Sie werden ihre Tabletts\u00a0an den vorgesehenen Pl\u00e4tzen finden, mit 1,50 m\u00a0Abstand zu den anderen. F\u00fcr diejenigen, die in der\u00a07. Stunde\u00a0essen gehen, wird es\u00a02 Schichten\u00a0geben. Dies gilt allerdings\u00a0nur von Montag bis Donnerstag. &#8211; 1ste Schicht: gelbe Gruppe (13:30 Uhr) &#8211; 2te Schicht: blaue Gruppe (13:55 Uhr) Am Freitag k\u00f6nnen alle \u00a0Sch\u00fcler um 13:30 Uhr kommen. &nbsp; Angaben zu den Farben wurden schon an\u00a0die Sch\u00fcler\u00a0von der Schule kommuniziert.\u00a0Falls ein Sch\u00fcler nicht mehr wei\u00df, ob er in die gelbe oder blaue Gruppe geh\u00f6rt, sollte er seinen Erziehungsberater kontaktieren. F\u00fcr\u00a0Sch\u00fcler, die ihr Mittagessen von zu Hause mitnehmen m\u00f6chten, steht oben&#8230;<\/p>\n","protected":false},"author":3,"featured_media":0,"comment_status":"closed","ping_status":"open","sticky":false,"template":"","format":"standard","meta":{"footnotes":""},"categories":[149,131],"tags":[],"_links":{"self":[{"href":"https:\/\/ev-esm.org\/de\/wp-json\/wp\/v2\/posts\/19650"}],"collection":[{"href":"https:\/\/ev-esm.org\/de\/wp-json\/wp\/v2\/posts"}],"about":[{"href":"https:\/\/ev-esm.org\/de\/wp-json\/wp\/v2\/types\/post"}],"author":[{"embeddable":true,"href":"https:\/\/ev-esm.org\/de\/wp-json\/wp\/v2\/users\/3"}],"replies":[{"embeddable":true,"href":"https:\/\/ev-esm.org\/de\/wp-json\/wp\/v2\/comments?post=19650"}],"version-history":[{"count":2,"href":"https:\/\/ev-esm.org\/de\/wp-json\/wp\/v2\/posts\/19650\/revisions"}],"predecessor-version":[{"id":19657,"href":"https:\/\/ev-esm.org\/de\/wp-json\/wp\/v2\/posts\/19650\/revisions\/19657"}],"wp:attachment":[{"href":"https:\/\/ev-esm.org\/de\/wp-json\/wp\/v2\/media?parent=19650"}],"wp:term":[{"taxonomy":"category","embeddable":true,"href":"https:\/\/ev-esm.org\/de\/wp-json\/wp\/v2\/categories?post=19650"},{"taxonomy":"post_tag","embeddable":true,"href":"https:\/\/ev-esm.org\/de\/wp-json\/wp\/v2\/tags?post=19650"}],"curies":[{"name":"wp","href":"https:\/\/api.w.org\/{rel}","templated":true}]}}